{"id":623,"date":"2024-04-30T14:09:52","date_gmt":"2024-04-30T12:09:52","guid":{"rendered":"https:\/\/www.celineglad.com\/?p=623"},"modified":"2024-04-30T15:03:13","modified_gmt":"2024-04-30T13:03:13","slug":"du-stylo-bic-au-stylo-bec","status":"publish","type":"post","link":"https:\/\/www.celineglad.com\/index.php\/2024\/04\/30\/du-stylo-bic-au-stylo-bec\/","title":{"rendered":"Du stylo Bic\u00a9 au stylo Bec"},"content":{"rendered":"\n<p>Une ann\u00e9e pass\u00e9e \u00e0 dompter l&rsquo;outil plus tard&#8230;<br>Du petit format au tr\u00e8s grand format (140x90cm), j&rsquo;ai vid\u00e9 quelques stylos d&rsquo;encre bleue ou noire en dessinant principalement les abords de la rivi\u00e8re l&rsquo;Huisne qui serpente et traverse Nogent-le-Rotrou.<br>En avril 2023, je pr\u00e9sentais pour la premi\u00e8re fois une exposition consacr\u00e9e aux r\u00e9alisations \u00ab\u00a0stylo\u00a0\u00bb \u00e0 la <a href=\"https:\/\/edmundgalerie.com\/\">Galerie Edmund<\/a>, et produisais pour l&rsquo;occasion une petite s\u00e9rie de petits formats aux stylos Bic\u00a9 de couleurs intitul\u00e9e \u00ab\u00a0stylo bec\u00a0\u00bb. Il me paraissait primordial de donner du sens \u00e0 mes images stylographi\u00e9es, pour justifier l&#8217;emploi d&rsquo;un outil d\u00e9di\u00e9 \u00e0 l&rsquo;\u00e9criture. Or comment repr\u00e9senter l&rsquo;\u00e9criture ?<\/p>\n\n\n\n<p>Se mettre dans la peau d&rsquo;un \u00e9crivain, le deviner saisir les mots, les songes, les pens\u00e9es, les sensations avant qu&rsquo;elles ne s&rsquo;\u00e9vaporent dans le monde des ailes. Bien s\u00fbr, les oiseaux ! Les mots s&rsquo;envolent comme les oiseaux&#8230; C&rsquo;est ainsi que sont n\u00e9s les premiers stylos-becs. Percher les petits oiseaux sur des stylos Bic Cristal, loger l&rsquo;image dans un cadre vitrine profond et glisser dans le cadre le capuchon du stylo assorti \u00e0 l&rsquo;oiseau.<\/p>\n\n\n\n<p>et les regarder s&rsquo;envoler pendant l&rsquo;exposition&#8230;<\/p>\n\n\n\n<p><a href=\"https:\/\/www.celineglad.com\/index.php\/etiquette-produit\/stylo-bec\/\">Dessins originaux disponibles >> ici.<\/a><\/p>\n\n\n\n<figure class=\"wp-block-image size-large\"><img loading=\"lazy\" width=\"1024\" height=\"361\" src=\"https:\/\/www.celineglad.com\/wp-content\/uploads\/2024\/04\/oiseauxaustylo-1024x361.jpg\" alt=\"\" class=\"wp-image-631\" srcset=\"https:\/\/www.celineglad.com\/wp-content\/uploads\/2024\/04\/oiseauxaustylo-1024x361.jpg 1024w, https:\/\/www.celineglad.com\/wp-content\/uploads\/2024\/04\/oiseauxaustylo-300x106.jpg 300w, https:\/\/www.celineglad.com\/wp-content\/uploads\/2024\/04\/oiseauxaustylo-768x271.jpg 768w, https:\/\/www.celineglad.com\/wp-content\/uploads\/2024\/04\/oiseauxaustylo-1536x541.jpg 1536w, https:\/\/www.celineglad.com\/wp-content\/uploads\/2024\/04\/oiseauxaustylo-2048x722.jpg 2048w, https:\/\/www.celineglad.com\/wp-content\/uploads\/2024\/04\/oiseauxaustylo-500x176.jpg 500w\" sizes=\"(max-width: 1024px) 100vw, 1024px\" \/><\/figure>\n","protected":false},"excerpt":{"rendered":"<p>Une ann\u00e9e pass\u00e9e \u00e0 dompter l&rsquo;outil plus tard&#8230;Du petit format au tr\u00e8s grand format (140x90cm), j&rsquo;ai vid\u00e9 quelques stylos d&rsquo;encre bleue ou noire en dessinant principalement les abords de la rivi\u00e8re l&rsquo;Huisne qui serpente et traverse Nogent-le-Rotrou.En avril 2023, je pr\u00e9sentais pour la premi\u00e8re fois une exposition consacr\u00e9e aux r\u00e9alisations \u00ab\u00a0stylo\u00a0\u00bb \u00e0 la Galerie Edmund, et produisais pour l&rsquo;occasion une petite s\u00e9rie de petits formats aux stylos Bic\u00a9 de couleurs intitul\u00e9e \u00ab\u00a0stylo bec\u00a0\u00bb. Il me paraissait primordial de donner du <a class=\"more-link\" href=\"https:\/\/www.celineglad.com\/index.php\/2024\/04\/30\/du-stylo-bic-au-stylo-bec\/\">Read More<i class=\"genericon genericon-next\"><\/i><\/a><\/p>\n","protected":false},"author":1,"featured_media":629,"comment_status":"open","ping_status":"open","sticky":false,"template":"","format":"standard","meta":[],"categories":[1],"tags":[],"_links":{"self":[{"href":"https:\/\/www.celineglad.com\/index.php\/wp-json\/wp\/v2\/posts\/623"}],"collection":[{"href":"https:\/\/www.celineglad.com\/index.php\/wp-json\/wp\/v2\/posts"}],"about":[{"href":"https:\/\/www.celineglad.com\/index.php\/wp-json\/wp\/v2\/types\/post"}],"author":[{"embeddable":true,"href":"https:\/\/www.celineglad.com\/index.php\/wp-json\/wp\/v2\/users\/1"}],"replies":[{"embeddable":true,"href":"https:\/\/www.celineglad.com\/index.php\/wp-json\/wp\/v2\/comments?post=623"}],"version-history":[{"count":4,"href":"https:\/\/www.celineglad.com\/index.php\/wp-json\/wp\/v2\/posts\/623\/revisions"}],"predecessor-version":[{"id":633,"href":"https:\/\/www.celineglad.com\/index.php\/wp-json\/wp\/v2\/posts\/623\/revisions\/633"}],"wp:featuredmedia":[{"embeddable":true,"href":"https:\/\/www.celineglad.com\/index.php\/wp-json\/wp\/v2\/media\/629"}],"wp:attachment":[{"href":"https:\/\/www.celineglad.com\/index.php\/wp-json\/wp\/v2\/media?parent=623"}],"wp:term":[{"taxonomy":"category","embeddable":true,"href":"https:\/\/www.celineglad.com\/index.php\/wp-json\/wp\/v2\/categories?post=623"},{"taxonomy":"post_tag","embeddable":true,"href":"https:\/\/www.celineglad.com\/index.php\/wp-json\/wp\/v2\/tags?post=623"}],"curies":[{"name":"wp","href":"https:\/\/api.w.org\/{rel}","templated":true}]}}