{"id":783,"date":"2025-07-13T10:39:26","date_gmt":"2025-07-13T08:39:26","guid":{"rendered":"https:\/\/www.celineglad.com\/?p=783"},"modified":"2025-07-14T19:43:18","modified_gmt":"2025-07-14T17:43:18","slug":"soiree-bic-creators-a-clichy","status":"publish","type":"post","link":"https:\/\/www.celineglad.com\/index.php\/2025\/07\/13\/soiree-bic-creators-a-clichy\/","title":{"rendered":"Soir\u00e9e Bic Creators \u00e0 Clichy"},"content":{"rendered":"\n<p>Le 4 novembre 2024, dans ma messagerie Instagram, une notification : nouveau message de @BicCreate. Mieux qu\u2019en r\u00eave : une invitation \u00e0 une rencontre amicale entre artistes dans les locaux de Bic \u00e0 Clichy, une cocktail party du c\u00e9l\u00e8bre petit bonhomme \u00e0 la t\u00eate de bille au beau milieu d\u2019oeuvres de la collection d\u2019Art BIC. Choc \u00e9motionnel imm\u00e9diat.<\/p>\n\n\n\n<p><strong>Soir\u00e9e BIC CREATORS<\/strong> du 5 d\u00e9cembre 2024<\/p>\n\n\n\n<p>A mon arriv\u00e9e dans les locaux, il y avait d\u00e9j\u00e0 quelques artistes, dont <strong>Wayne Danza<\/strong>, puis <strong>Beus <\/strong>est arriv\u00e9. <strong>Deux stars du stylo Bic Cristal Bleu<\/strong> !! J\u2019attendais avec impatience celle de <strong>LittleBicMan <\/strong>dont le travail en couleurs me parle tant et avec qui j\u2019allais enfin pouvoir discuter de visu.<\/p>\n\n\n\n<p>Nous avons pr\u00e9sent\u00e9 notre carte d\u2019identit\u00e9 et sign\u00e9 un formulaire qui autorise Bic \u00e0 diffuser nos trombines sur leur diff\u00e9rents r\u00e9seaux, un vid\u00e9aste \u00e9tait pr\u00e9sent toute la soir\u00e9e. Puis sont arriv\u00e9es Alix Dufour, l\u2019organisatrice de l\u2019\u00e9v\u00e9nement et Claire G\u00e9rard responsable de la branche Art et Culture, toutes deux \u00e9l\u00e9gamment v\u00eatues de bleu marine et blanc et chauss\u00e9es de bottes en caoutchouc Aigle au Design de Bic ! L\u2019esprit de rigueur, de s\u00e9rieux mais aussi de fantaisie et d\u2019humour du Baron est visiblement toujours bien pr\u00e9sent dans la maison.<\/p>\n\n\n\n<div class=\"wp-block-media-text alignwide is-stacked-on-mobile\"><figure class=\"wp-block-media-text__media\"><img loading=\"lazy\" width=\"768\" height=\"1024\" src=\"https:\/\/www.celineglad.com\/wp-content\/uploads\/2025\/07\/IMG_3052-768x1024.jpg\" alt=\"\" class=\"wp-image-790\" srcset=\"https:\/\/www.celineglad.com\/wp-content\/uploads\/2025\/07\/IMG_3052-768x1024.jpg 768w, https:\/\/www.celineglad.com\/wp-content\/uploads\/2025\/07\/IMG_3052-225x300.jpg 225w, https:\/\/www.celineglad.com\/wp-content\/uploads\/2025\/07\/IMG_3052-1152x1536.jpg 1152w, https:\/\/www.celineglad.com\/wp-content\/uploads\/2025\/07\/IMG_3052-1536x2048.jpg 1536w, https:\/\/www.celineglad.com\/wp-content\/uploads\/2025\/07\/IMG_3052-500x667.jpg 500w, https:\/\/www.celineglad.com\/wp-content\/uploads\/2025\/07\/IMG_3052-scaled.jpg 1920w\" sizes=\"(max-width: 768px) 100vw, 768px\" \/><\/figure><div class=\"wp-block-media-text__content\">\n<p>Nous \u00e9tions une vingtaine d\u2019heureux invit\u00e9s \u00e0 les suivre jusqu\u2019au 7\u00e8 \u00e9tage, d\u00e9ambulant entre open-spaces et bureaux de verre, d\u00e9couvrant d\u00e9j\u00e0 de nombreuses oeuvres dispos\u00e9es pr\u00e8s des postes de travail, les yeux \u00e9carquill\u00e9s, tous honor\u00e9s et enchant\u00e9s, tous discutant de notre passion et des oeuvres incroyables qui peuvent na\u00eetre d\u2019un simple stylo. On se rencontrait, on se reconnaissait, on se complimentait, accueillis et heureux comme des enfants rois ! Rare \u00e9v\u00e9nement artistique o\u00f9 les d\u00e9licieux amuse-bouches et les bouteilles \u00e9taient encore disponibles en fin de soir\u00e9e.<\/p>\n<\/div><\/div>\n\n\n\n<p><strong>La cr\u00e9ativit\u00e9 dans l\u2019ADN de la marque<\/strong><\/p>\n\n\n\n<p>Alix a pris la parole pour nous remercier, nous signifier que le compte BicCreate sur Instagram cr\u00e9\u00e9 un an auparavant, sans strat\u00e9gie particuli\u00e8re, prenait de l\u2019ampleur et devenait bien plus qu\u2019une simple galerie digitale internationale. Bic a remarqu\u00e9 \u00e0 travers \u00e0 ce compte que nous l\u2019utilisions pour \u00e9changer des infos techniques, pour faire connaissance, se suivre, s\u2019inspirer (ce qui est parfaitement juste)\u2026 c\u2019est pourquoi l\u2019id\u00e9e de cette r\u00e9union s\u2019est impos\u00e9e naturellement, une premi\u00e8re depuis 2018. Gr\u00e2ce \u00e0 cette galerie virtuelle, la marque se tient d\u00e9sormais inform\u00e9e de notre actualit\u00e9, et souhaite faciliter des rencontres ou des initiatives entre artistes, le message est clair : Bic est \u00e0 notre \u00e9coute et \u00e0 nos c\u00f4t\u00e9s.<\/p>\n\n\n\n<figure class=\"wp-block-image size-large\"><img loading=\"lazy\" width=\"1024\" height=\"768\" src=\"https:\/\/www.celineglad.com\/wp-content\/uploads\/2025\/07\/IMG_3045-1024x768.jpg\" alt=\"\" class=\"wp-image-792\" srcset=\"https:\/\/www.celineglad.com\/wp-content\/uploads\/2025\/07\/IMG_3045-1024x768.jpg 1024w, https:\/\/www.celineglad.com\/wp-content\/uploads\/2025\/07\/IMG_3045-300x225.jpg 300w, https:\/\/www.celineglad.com\/wp-content\/uploads\/2025\/07\/IMG_3045-768x576.jpg 768w, https:\/\/www.celineglad.com\/wp-content\/uploads\/2025\/07\/IMG_3045-1536x1152.jpg 1536w, https:\/\/www.celineglad.com\/wp-content\/uploads\/2025\/07\/IMG_3045-2048x1536.jpg 2048w, https:\/\/www.celineglad.com\/wp-content\/uploads\/2025\/07\/IMG_3045-500x375.jpg 500w\" sizes=\"(max-width: 1024px) 100vw, 1024px\" \/><\/figure>\n\n\n\n<p>Puis Claire nous a racont\u00e9 comment la collection d\u2019Art \u00e9tait n\u00e9e \u00e0 la fin des ann\u00e9es 90, nous a pr\u00e9sent\u00e9 tour \u00e0 tour par petit groupe les oeuvres au 7e \u00e9tage, des oeuvres graphiques, des sculptures, des lampes, affiches, tapisseries\u2026<\/p>\n\n\n\n<p>Quelle merveilleuse soir\u00e9e ! Je suis repartie avec le catalogue de collection Bic et tout plein de stylos, feutres, crit\u00e9riums, crayons, tous ces merveilleux outils qui me rappelle l\u2019enfance du dessin\u2026 et avec un cadeau inestimable : l\u2019assurance d\u2019avoir trouv\u00e9 ma famille artistique qui force mon admiration, si rigoureuse dans le travail, si simple et sympathique.<\/p>\n\n\n\n<figure class=\"wp-block-image size-large\"><img loading=\"lazy\" width=\"1024\" height=\"676\" src=\"https:\/\/www.celineglad.com\/wp-content\/uploads\/2025\/07\/art-postal-bic-1-1024x676.jpg\" alt=\"\" class=\"wp-image-793\" srcset=\"https:\/\/www.celineglad.com\/wp-content\/uploads\/2025\/07\/art-postal-bic-1-1024x676.jpg 1024w, https:\/\/www.celineglad.com\/wp-content\/uploads\/2025\/07\/art-postal-bic-1-300x198.jpg 300w, https:\/\/www.celineglad.com\/wp-content\/uploads\/2025\/07\/art-postal-bic-1-768x507.jpg 768w, https:\/\/www.celineglad.com\/wp-content\/uploads\/2025\/07\/art-postal-bic-1-1536x1013.jpg 1536w, https:\/\/www.celineglad.com\/wp-content\/uploads\/2025\/07\/art-postal-bic-1-2048x1351.jpg 2048w, https:\/\/www.celineglad.com\/wp-content\/uploads\/2025\/07\/art-postal-bic-1-500x330.jpg 500w\" sizes=\"(max-width: 1024px) 100vw, 1024px\" \/><\/figure>\n\n\n\n<p>Depuis, les messages fusent, les retours de cette soir\u00e9e Bic sont unanimes : tous tr\u00e8s fiers de notre outil magique, le stylo Bic, et tous reconnaissants du regard bienveillant de la marque sur notre travail.<\/p>\n","protected":false},"excerpt":{"rendered":"<p>Le 4 novembre 2024, dans ma messagerie Instagram, une notification : nouveau message de @BicCreate. Mieux qu\u2019en r\u00eave : une invitation \u00e0 une rencontre amicale entre artistes dans les locaux de Bic \u00e0 Clichy, une cocktail party du c\u00e9l\u00e8bre petit bonhomme \u00e0 la t\u00eate de bille au beau milieu d\u2019oeuvres de la collection d\u2019Art BIC. Choc \u00e9motionnel imm\u00e9diat. Soir\u00e9e BIC CREATORS du 5 d\u00e9cembre 2024 A mon arriv\u00e9e dans les locaux, il y avait d\u00e9j\u00e0 quelques artistes, dont Wayne Danza, <a class=\"more-link\" href=\"https:\/\/www.celineglad.com\/index.php\/2025\/07\/13\/soiree-bic-creators-a-clichy\/\">Read More<i class=\"genericon genericon-next\"><\/i><\/a><\/p>\n","protected":false},"author":1,"featured_media":784,"comment_status":"open","ping_status":"open","sticky":false,"template":"","format":"standard","meta":[],"categories":[1],"tags":[52],"_links":{"self":[{"href":"https:\/\/www.celineglad.com\/index.php\/wp-json\/wp\/v2\/posts\/783"}],"collection":[{"href":"https:\/\/www.celineglad.com\/index.php\/wp-json\/wp\/v2\/posts"}],"about":[{"href":"https:\/\/www.celineglad.com\/index.php\/wp-json\/wp\/v2\/types\/post"}],"author":[{"embeddable":true,"href":"https:\/\/www.celineglad.com\/index.php\/wp-json\/wp\/v2\/users\/1"}],"replies":[{"embeddable":true,"href":"https:\/\/www.celineglad.com\/index.php\/wp-json\/wp\/v2\/comments?post=783"}],"version-history":[{"count":7,"href":"https:\/\/www.celineglad.com\/index.php\/wp-json\/wp\/v2\/posts\/783\/revisions"}],"predecessor-version":[{"id":807,"href":"https:\/\/www.celineglad.com\/index.php\/wp-json\/wp\/v2\/posts\/783\/revisions\/807"}],"wp:featuredmedia":[{"embeddable":true,"href":"https:\/\/www.celineglad.com\/index.php\/wp-json\/wp\/v2\/media\/784"}],"wp:attachment":[{"href":"https:\/\/www.celineglad.com\/index.php\/wp-json\/wp\/v2\/media?parent=783"}],"wp:term":[{"taxonomy":"category","embeddable":true,"href":"https:\/\/www.celineglad.com\/index.php\/wp-json\/wp\/v2\/categories?post=783"},{"taxonomy":"post_tag","embeddable":true,"href":"https:\/\/www.celineglad.com\/index.php\/wp-json\/wp\/v2\/tags?post=783"}],"curies":[{"name":"wp","href":"https:\/\/api.w.org\/{rel}","templated":true}]}}