{"id":893,"date":"2025-07-25T17:20:38","date_gmt":"2025-07-25T15:20:38","guid":{"rendered":"https:\/\/www.celineglad.com\/?p=893"},"modified":"2025-07-25T17:28:40","modified_gmt":"2025-07-25T15:28:40","slug":"serie-des-livres-et-des-oiseaux","status":"publish","type":"post","link":"https:\/\/www.celineglad.com\/index.php\/2025\/07\/25\/serie-des-livres-et-des-oiseaux\/","title":{"rendered":"S\u00e9rie \u00ab Des livres et des oiseaux \u00bb"},"content":{"rendered":"\n<p><em>Et si les oiseaux lisaient ? Si les pages devenaient perchoirs, et les mots, des graines de pens\u00e9e ?<\/em><\/p>\n\n\n\n<p>Dans cette s\u00e9rie singuli\u00e8re, imaginons une rencontre po\u00e9tique entre le monde des oiseaux et celui des livres. Chaque dessin, r\u00e9alis\u00e9 avec la finesse du <strong>stylo Bic multicolore<\/strong>, met en sc\u00e8ne un oiseau pos\u00e9 sur un ouvrage, comme s\u2019il en scrutait le sens ou en prolongeait la sagesse.<\/p>\n\n\n\n<div class=\"wp-block-media-text alignwide is-stacked-on-mobile\"><figure class=\"wp-block-media-text__media\"><img loading=\"lazy\" width=\"1024\" height=\"1024\" src=\"https:\/\/www.celineglad.com\/wp-content\/uploads\/2025\/07\/489819278_1243871564407022_4680645314774760211_n-1024x1024.jpg\" alt=\"\" class=\"wp-image-663\" srcset=\"https:\/\/www.celineglad.com\/wp-content\/uploads\/2025\/07\/489819278_1243871564407022_4680645314774760211_n-1024x1024.jpg 1024w, https:\/\/www.celineglad.com\/wp-content\/uploads\/2025\/07\/489819278_1243871564407022_4680645314774760211_n-300x300.jpg 300w, https:\/\/www.celineglad.com\/wp-content\/uploads\/2025\/07\/489819278_1243871564407022_4680645314774760211_n-150x150.jpg 150w, https:\/\/www.celineglad.com\/wp-content\/uploads\/2025\/07\/489819278_1243871564407022_4680645314774760211_n-768x768.jpg 768w, https:\/\/www.celineglad.com\/wp-content\/uploads\/2025\/07\/489819278_1243871564407022_4680645314774760211_n-1536x1536.jpg 1536w, https:\/\/www.celineglad.com\/wp-content\/uploads\/2025\/07\/489819278_1243871564407022_4680645314774760211_n.jpg 2048w, https:\/\/www.celineglad.com\/wp-content\/uploads\/2025\/07\/489819278_1243871564407022_4680645314774760211_n-500x500.jpg 500w, https:\/\/www.celineglad.com\/wp-content\/uploads\/2025\/07\/489819278_1243871564407022_4680645314774760211_n-100x100.jpg 100w\" sizes=\"(max-width: 1024px) 100vw, 1024px\" \/><\/figure><div class=\"wp-block-media-text__content\">\n<p>Les titres choisis \u2014 Plutarque, D\u00fcrer, F\u00e9nelon \u2014 ne sont pas anodins : ils deviennent des partenaires silencieux du plumage, des \u00e9chos philosophiques \u00e0 la l\u00e9g\u00e8ret\u00e9 ail\u00e9e. Les <strong>m\u00e9sanges savantes<\/strong>, les <strong>rouge-gorges \u00e9rudits<\/strong>, ou encore la <strong>plume blanche m\u00e9ditative<\/strong> incarnent une forme de dialogue entre nature et culture, entre instinct et r\u00e9flexion.<\/p>\n<\/div><\/div>\n\n\n\n<p>Le trait est pr\u00e9cis, les couleurs sobres mais expressives, et chaque composition invite \u00e0 ralentir, \u00e0 contempler, \u00e0 lire autrement \u2014 avec les yeux, mais aussi avec le souffle.<\/p>\n\n\n\n<p><em>\u00ab Des livres et des oiseaux \u00bb est une s\u00e9rie qui interroge notre rapport au savoir, \u00e0 la beaut\u00e9, et \u00e0 la libert\u00e9. Une ode au silence habit\u00e9, au vol int\u00e9rieur, et \u00e0 la curiosit\u00e9 partag\u00e9e.<\/em><\/p>\n\n\n\n<p>Dessins originaux <strong><a href=\"https:\/\/www.celineglad.com\/index.php\/categorie-produit\/dessins-originaux\/serie-des-livres-et-des-oiseaux\/\" data-type=\"URL\" data-id=\"https:\/\/www.celineglad.com\/index.php\/categorie-produit\/dessins-originaux\/serie-des-livres-et-des-oiseaux\/\">disponibles &gt;&gt; ici<\/a><\/strong><\/p>\n","protected":false},"excerpt":{"rendered":"<p>Et si les oiseaux lisaient ? Si les pages devenaient perchoirs, et les mots, des graines de pens\u00e9e ? Dans cette s\u00e9rie singuli\u00e8re, imaginons une rencontre po\u00e9tique entre le monde des oiseaux et celui des livres. Chaque dessin, r\u00e9alis\u00e9 avec la finesse du stylo Bic multicolore, met en sc\u00e8ne un oiseau pos\u00e9 sur un ouvrage, comme s\u2019il en scrutait le sens ou en prolongeait la sagesse. Les titres choisis \u2014 Plutarque, D\u00fcrer, F\u00e9nelon \u2014 ne sont pas anodins : ils <a class=\"more-link\" href=\"https:\/\/www.celineglad.com\/index.php\/2025\/07\/25\/serie-des-livres-et-des-oiseaux\/\">Read More<i class=\"genericon genericon-next\"><\/i><\/a><\/p>\n","protected":false},"author":1,"featured_media":690,"comment_status":"open","ping_status":"open","sticky":false,"template":"","format":"standard","meta":[],"categories":[1],"tags":[],"_links":{"self":[{"href":"https:\/\/www.celineglad.com\/index.php\/wp-json\/wp\/v2\/posts\/893"}],"collection":[{"href":"https:\/\/www.celineglad.com\/index.php\/wp-json\/wp\/v2\/posts"}],"about":[{"href":"https:\/\/www.celineglad.com\/index.php\/wp-json\/wp\/v2\/types\/post"}],"author":[{"embeddable":true,"href":"https:\/\/www.celineglad.com\/index.php\/wp-json\/wp\/v2\/users\/1"}],"replies":[{"embeddable":true,"href":"https:\/\/www.celineglad.com\/index.php\/wp-json\/wp\/v2\/comments?post=893"}],"version-history":[{"count":4,"href":"https:\/\/www.celineglad.com\/index.php\/wp-json\/wp\/v2\/posts\/893\/revisions"}],"predecessor-version":[{"id":899,"href":"https:\/\/www.celineglad.com\/index.php\/wp-json\/wp\/v2\/posts\/893\/revisions\/899"}],"wp:featuredmedia":[{"embeddable":true,"href":"https:\/\/www.celineglad.com\/index.php\/wp-json\/wp\/v2\/media\/690"}],"wp:attachment":[{"href":"https:\/\/www.celineglad.com\/index.php\/wp-json\/wp\/v2\/media?parent=893"}],"wp:term":[{"taxonomy":"category","embeddable":true,"href":"https:\/\/www.celineglad.com\/index.php\/wp-json\/wp\/v2\/categories?post=893"},{"taxonomy":"post_tag","embeddable":true,"href":"https:\/\/www.celineglad.com\/index.php\/wp-json\/wp\/v2\/tags?post=893"}],"curies":[{"name":"wp","href":"https:\/\/api.w.org\/{rel}","templated":true}]}}