{"id":895,"date":"2025-07-25T17:38:18","date_gmt":"2025-07-25T15:38:18","guid":{"rendered":"https:\/\/www.celineglad.com\/?p=895"},"modified":"2025-07-25T17:38:18","modified_gmt":"2025-07-25T15:38:18","slug":"serie-les-poules-bic-et-plumes","status":"publish","type":"post","link":"https:\/\/www.celineglad.com\/index.php\/2025\/07\/25\/serie-les-poules-bic-et-plumes\/","title":{"rendered":"S\u00e9rie \u00ab Les poules Bic et plumes \u00bb"},"content":{"rendered":"\n<p><em>Quand la basse-cour devient galerie, et que la plume se fait doublement artistique.<\/em><\/p>\n\n\n\n<p>Cette s\u00e9rie espi\u00e8gle et raffin\u00e9e donne vie \u00e0 des <strong>portraits de poules<\/strong> r\u00e9alis\u00e9s en <strong>technique mixte<\/strong> : le trait vif du stylo Bic dialogue avec la texture authentique de <strong>plumes naturelles<\/strong> coll\u00e9es avec soin. Chaque \u0153uvre est une c\u00e9l\u00e9bration de la singularit\u00e9 \u2014 une poule noire au regard per\u00e7ant, une rousse au port altier, une poule au plumage de pintade graphique, ou encore une autre au chic sauvage de la faisane.<\/p>\n\n\n\n<div class=\"wp-block-media-text alignwide is-stacked-on-mobile\"><figure class=\"wp-block-media-text__media\"><img loading=\"lazy\" width=\"860\" height=\"1024\" src=\"https:\/\/www.celineglad.com\/wp-content\/uploads\/2025\/07\/IMG_E2445-860x1024.jpg\" alt=\"\" class=\"wp-image-846\" srcset=\"https:\/\/www.celineglad.com\/wp-content\/uploads\/2025\/07\/IMG_E2445-860x1024.jpg 860w, https:\/\/www.celineglad.com\/wp-content\/uploads\/2025\/07\/IMG_E2445-252x300.jpg 252w, https:\/\/www.celineglad.com\/wp-content\/uploads\/2025\/07\/IMG_E2445-768x915.jpg 768w, https:\/\/www.celineglad.com\/wp-content\/uploads\/2025\/07\/IMG_E2445-1290x1536.jpg 1290w, https:\/\/www.celineglad.com\/wp-content\/uploads\/2025\/07\/IMG_E2445-1720x2048.jpg 1720w, https:\/\/www.celineglad.com\/wp-content\/uploads\/2025\/07\/IMG_E2445-500x595.jpg 500w\" sizes=\"(max-width: 860px) 100vw, 860px\" \/><\/figure><div class=\"wp-block-media-text__content\">\n<p>L\u2019humour affleure dans le contraste entre le sujet \u2014 souvent jug\u00e9 trivial \u2014 et le traitement artistique, pr\u00e9cis et d\u00e9licat. Ces gallinac\u00e9s deviennent des <strong>ic\u00f4nes de caract\u00e8re<\/strong>, des muses \u00e0 plumes, des figures presque royales dans leur posture et leur expression.<\/p>\n<\/div><\/div>\n\n\n\n<p><em>\u00ab Les poules Bic et plumes \u00bb est une s\u00e9rie qui joue avec les codes du portrait classique, les d\u00e9tourne avec tendresse, et invite \u00e0 regarder autrement ce qui nous entoure \u2014 m\u00eame une poule peut \u00eatre majestueuse, dr\u00f4le, et digne d\u2019un cadre.<\/em><\/p>\n\n\n\n<p>Dessins originaux <strong><a href=\"https:\/\/www.celineglad.com\/index.php\/categorie-produit\/dessins-originaux\/les-poules-bic-et-plumes\/\" data-type=\"URL\" data-id=\"https:\/\/www.celineglad.com\/index.php\/categorie-produit\/dessins-originaux\/les-poules-bic-et-plumes\/\">disponibles >> ici<\/a><\/strong><\/p>\n","protected":false},"excerpt":{"rendered":"<p>Quand la basse-cour devient galerie, et que la plume se fait doublement artistique. Cette s\u00e9rie espi\u00e8gle et raffin\u00e9e donne vie \u00e0 des portraits de poules r\u00e9alis\u00e9s en technique mixte : le trait vif du stylo Bic dialogue avec la texture authentique de plumes naturelles coll\u00e9es avec soin. Chaque \u0153uvre est une c\u00e9l\u00e9bration de la singularit\u00e9 \u2014 une poule noire au regard per\u00e7ant, une rousse au port altier, une poule au plumage de pintade graphique, ou encore une autre au chic <a class=\"more-link\" href=\"https:\/\/www.celineglad.com\/index.php\/2025\/07\/25\/serie-les-poules-bic-et-plumes\/\">Read More<i class=\"genericon genericon-next\"><\/i><\/a><\/p>\n","protected":false},"author":1,"featured_media":902,"comment_status":"open","ping_status":"open","sticky":false,"template":"","format":"standard","meta":[],"categories":[1],"tags":[],"_links":{"self":[{"href":"https:\/\/www.celineglad.com\/index.php\/wp-json\/wp\/v2\/posts\/895"}],"collection":[{"href":"https:\/\/www.celineglad.com\/index.php\/wp-json\/wp\/v2\/posts"}],"about":[{"href":"https:\/\/www.celineglad.com\/index.php\/wp-json\/wp\/v2\/types\/post"}],"author":[{"embeddable":true,"href":"https:\/\/www.celineglad.com\/index.php\/wp-json\/wp\/v2\/users\/1"}],"replies":[{"embeddable":true,"href":"https:\/\/www.celineglad.com\/index.php\/wp-json\/wp\/v2\/comments?post=895"}],"version-history":[{"count":4,"href":"https:\/\/www.celineglad.com\/index.php\/wp-json\/wp\/v2\/posts\/895\/revisions"}],"predecessor-version":[{"id":903,"href":"https:\/\/www.celineglad.com\/index.php\/wp-json\/wp\/v2\/posts\/895\/revisions\/903"}],"wp:featuredmedia":[{"embeddable":true,"href":"https:\/\/www.celineglad.com\/index.php\/wp-json\/wp\/v2\/media\/902"}],"wp:attachment":[{"href":"https:\/\/www.celineglad.com\/index.php\/wp-json\/wp\/v2\/media?parent=895"}],"wp:term":[{"taxonomy":"category","embeddable":true,"href":"https:\/\/www.celineglad.com\/index.php\/wp-json\/wp\/v2\/categories?post=895"},{"taxonomy":"post_tag","embeddable":true,"href":"https:\/\/www.celineglad.com\/index.php\/wp-json\/wp\/v2\/tags?post=895"}],"curies":[{"name":"wp","href":"https:\/\/api.w.org\/{rel}","templated":true}]}}