{"id":965,"date":"2025-12-07T16:46:22","date_gmt":"2025-12-07T15:46:22","guid":{"rendered":"https:\/\/www.celineglad.com\/?p=965"},"modified":"2025-12-07T17:56:07","modified_gmt":"2025-12-07T16:56:07","slug":"bic-en-couleurs-galerie-kiff-marais-expo","status":"publish","type":"post","link":"https:\/\/www.celineglad.com\/index.php\/2025\/12\/07\/bic-en-couleurs-galerie-kiff-marais-expo\/","title":{"rendered":"BIC en couleurs \u2013 Galerie Kiff &#038; Marais &#8211; Expo"},"content":{"rendered":"\n<p>Du 16 au 22 octobre 2025, j\u2019ai eu l\u2019honneur et la joie de participer \u00e0 l\u2019exposition <strong>BIC en couleurs<\/strong>, organis\u00e9e par la marque BIC \u00e0 la Galerie Kiff &amp; Marais, \u00e0 Paris.<br>17 artistes \u00e9taient invit\u00e9s \u00e0 partager les murs de la galerie, et un grand mur collectif pr\u00e9sentait un patchwork de nos \u0153uvres, comme une mosa\u00efque de traits et de couleurs n\u00e9s d\u2019un m\u00eame outil : le stylo Bic.<\/p>\n\n\n\n<p class=\"has-large-font-size\">L\u2019ambiance<\/p>\n\n\n\n<p>La galerie vibrait d\u2019une \u00e9nergie particuli\u00e8re : les artistes s\u00e9lectionn\u00e9s se rencontraient parfois pour la premi\u00e8re fois, parfois se retrouvaient comme on se retrouve \u00e0 une belle r\u00e9union familiale. Chaque \u0153uvre r\u00e9v\u00e9lait une facette diff\u00e9rente de ce compagnon quotidien qu\u2019est le stylo Bic. Quant aux visiteurs venus nombreux, ils circulaient entre les univers, d\u00e9couvrant la diversit\u00e9 des approches, du geste spontan\u00e9 au travail extr\u00eamement minutieux.<\/p>\n\n\n\n<figure class=\"wp-block-video\"><video controls src=\"https:\/\/www.celineglad.com\/wp-content\/uploads\/2025\/12\/IMG_4678.mov\"><\/video><\/figure>\n\n\n\n<p class=\"has-large-font-size\">Mon apport<\/p>\n\n\n\n<p>J\u2019ai pr\u00e9sent\u00e9 mes oiseaux perch\u00e9s de la s\u00e9rie \u00ab\u00a0<strong><a href=\"https:\/\/www.celineglad.com\/index.php\/categorie-produit\/dessins-originaux\/serie-eclats-de-bic\/\" data-type=\"URL\" data-id=\"https:\/\/www.celineglad.com\/index.php\/categorie-produit\/dessins-originaux\/serie-eclats-de-bic\/\"><span class=\"has-inline-color has-vivid-red-color\">\u00e9clats de Bic<\/span><\/a><\/strong>\u00a0\u00bb et des petits formats, les \u00ab\u00a0<strong><a href=\"https:\/\/www.celineglad.com\/index.php\/categorie-produit\/dessins-originaux\/stylo-bec\/\" data-type=\"URL\" data-id=\"https:\/\/www.celineglad.com\/index.php\/categorie-produit\/dessins-originaux\/stylo-bec\/\"><span class=\"has-inline-color has-vivid-red-color\">stylo-bec<\/span><\/a><\/strong>\u00a0\u00bb, t\u00e9moins de mon dialogue po\u00e9tique avec le stylo. Leur plumage, trac\u00e9 par des hachures patientes, portait la m\u00e9moire de l\u2019\u00e9crit, du message et des messagers. Sur le mur collectif, mes dessins se m\u00ealaient \u00e0 ceux des autres artistes, comme une vol\u00e9e d\u2019ailes dans un ciel partag\u00e9.<\/p>\n\n\n\n<p class=\"has-large-font-size\">Les rencontres<\/p>\n\n\n\n<div class=\"wp-block-media-text alignwide is-stacked-on-mobile\"><figure class=\"wp-block-media-text__media\"><img loading=\"lazy\" width=\"1007\" height=\"1024\" src=\"https:\/\/www.celineglad.com\/wp-content\/uploads\/2025\/12\/mattketmo-kiffmarais-1007x1024.jpg\" alt=\"\" class=\"wp-image-979\" srcset=\"https:\/\/www.celineglad.com\/wp-content\/uploads\/2025\/12\/mattketmo-kiffmarais-1007x1024.jpg 1007w, https:\/\/www.celineglad.com\/wp-content\/uploads\/2025\/12\/mattketmo-kiffmarais-295x300.jpg 295w, https:\/\/www.celineglad.com\/wp-content\/uploads\/2025\/12\/mattketmo-kiffmarais-768x781.jpg 768w, https:\/\/www.celineglad.com\/wp-content\/uploads\/2025\/12\/mattketmo-kiffmarais-1510x1536.jpg 1510w, https:\/\/www.celineglad.com\/wp-content\/uploads\/2025\/12\/mattketmo-kiffmarais-2013x2048.jpg 2013w, https:\/\/www.celineglad.com\/wp-content\/uploads\/2025\/12\/mattketmo-kiffmarais-500x509.jpg 500w\" sizes=\"(max-width: 1007px) 100vw, 1007px\" \/><\/figure><div class=\"wp-block-media-text__content\">\n<p>Ce fut l\u2019occasion de riches \u00e9changes avec les artistes invit\u00e9s, les visiteurs curieux, et le staff Bic venu couvrir et soutenir l\u2019\u00e9v\u00e9nement. J\u2019ai ressenti une belle r\u00e9sonance autour de mon travail, et la joie de voir tous mes oiseaux prendre leur envol dans un cadre collectif. Je suis rentr\u00e9e avec une \u0153uvre de <strong>Wayne Danza<\/strong> et une de <strong>LBAllix<\/strong>, avec les discussions surr\u00e9alistes de <strong>Tamaz Avaliani<\/strong> et son \u00e9pouse, les rires de <strong>Beus<\/strong>, les sourires de <strong>Vladinks<\/strong>, et les regards \u00e9mus et heureux de tous.<\/p>\n<\/div><\/div>\n\n\n\n<p class=\"has-large-font-size\">Gratitude<\/p>\n\n\n\n<div class=\"wp-block-media-text alignwide is-stacked-on-mobile\"><figure class=\"wp-block-media-text__media\"><img loading=\"lazy\" width=\"790\" height=\"1024\" src=\"https:\/\/www.celineglad.com\/wp-content\/uploads\/2025\/12\/AlixDufour-Bic-Expo-Paris-790x1024.jpg\" alt=\"\" class=\"wp-image-973\" srcset=\"https:\/\/www.celineglad.com\/wp-content\/uploads\/2025\/12\/AlixDufour-Bic-Expo-Paris-790x1024.jpg 790w, https:\/\/www.celineglad.com\/wp-content\/uploads\/2025\/12\/AlixDufour-Bic-Expo-Paris-231x300.jpg 231w, https:\/\/www.celineglad.com\/wp-content\/uploads\/2025\/12\/AlixDufour-Bic-Expo-Paris-768x996.jpg 768w, https:\/\/www.celineglad.com\/wp-content\/uploads\/2025\/12\/AlixDufour-Bic-Expo-Paris-1185x1536.jpg 1185w, https:\/\/www.celineglad.com\/wp-content\/uploads\/2025\/12\/AlixDufour-Bic-Expo-Paris-1580x2048.jpg 1580w, https:\/\/www.celineglad.com\/wp-content\/uploads\/2025\/12\/AlixDufour-Bic-Expo-Paris-500x648.jpg 500w, https:\/\/www.celineglad.com\/wp-content\/uploads\/2025\/12\/AlixDufour-Bic-Expo-Paris.jpg 1740w\" sizes=\"(max-width: 790px) 100vw, 790px\" \/><\/figure><div class=\"wp-block-media-text__content\">\n<p>Je remercie chaleureusement <strong>BIC<\/strong> pour son soutien et la <strong><a href=\"https:\/\/www.kiffetmarais.com\/\"><span class=\"has-inline-color has-vivid-red-color\">Galerie Kiff &amp; Marais<\/span><\/a><\/strong> pour son accueil et pour celui qui a tout organis\u00e9, <strong>Matt Ketmo<\/strong>, d\u00e9laissant souvent sa place d\u2019artiste pour celle du GO de l\u2019\u00e9v\u00e8nement. Participer \u00e0 cette exposition fut une mani\u00e8re de c\u00e9l\u00e9brer le stylo Bic, compagnon de mes cr\u00e9ations, et de partager avec le public la po\u00e9sie des oiseaux et des correspondances.<\/p>\n<\/div><\/div>\n\n\n\n<p class=\"has-large-font-size\">Vers l\u2019avenir<\/p>\n\n\n\n<p>Cette exp\u00e9rience nourrit mon d\u00e9sir de poursuivre mes recherches et d\u2019\u00e9largir mes projets, entre cartes, lettres et nouveaux horizons. Assur\u00e9ment, les oiseaux continueront \u00e0 voyager, porteurs de m\u00e9moire et de libert\u00e9.<\/p>\n\n\n\n<p><\/p>\n","protected":false},"excerpt":{"rendered":"<p>Du 16 au 22 octobre 2025, j\u2019ai eu l\u2019honneur et la joie de participer \u00e0 l\u2019exposition BIC en couleurs, organis\u00e9e par la marque BIC \u00e0 la Galerie Kiff &amp; Marais, \u00e0 Paris.17 artistes \u00e9taient invit\u00e9s \u00e0 partager les murs de la galerie, et un grand mur collectif pr\u00e9sentait un patchwork de nos \u0153uvres, comme une mosa\u00efque de traits et de couleurs n\u00e9s d\u2019un m\u00eame outil : le stylo Bic. L\u2019ambiance La galerie vibrait d\u2019une \u00e9nergie particuli\u00e8re : les artistes s\u00e9lectionn\u00e9s <a class=\"more-link\" href=\"https:\/\/www.celineglad.com\/index.php\/2025\/12\/07\/bic-en-couleurs-galerie-kiff-marais-expo\/\">Read More<i class=\"genericon genericon-next\"><\/i><\/a><\/p>\n","protected":false},"author":1,"featured_media":977,"comment_status":"open","ping_status":"open","sticky":false,"template":"","format":"standard","meta":[],"categories":[1],"tags":[52,73,74],"_links":{"self":[{"href":"https:\/\/www.celineglad.com\/index.php\/wp-json\/wp\/v2\/posts\/965"}],"collection":[{"href":"https:\/\/www.celineglad.com\/index.php\/wp-json\/wp\/v2\/posts"}],"about":[{"href":"https:\/\/www.celineglad.com\/index.php\/wp-json\/wp\/v2\/types\/post"}],"author":[{"embeddable":true,"href":"https:\/\/www.celineglad.com\/index.php\/wp-json\/wp\/v2\/users\/1"}],"replies":[{"embeddable":true,"href":"https:\/\/www.celineglad.com\/index.php\/wp-json\/wp\/v2\/comments?post=965"}],"version-history":[{"count":11,"href":"https:\/\/www.celineglad.com\/index.php\/wp-json\/wp\/v2\/posts\/965\/revisions"}],"predecessor-version":[{"id":985,"href":"https:\/\/www.celineglad.com\/index.php\/wp-json\/wp\/v2\/posts\/965\/revisions\/985"}],"wp:featuredmedia":[{"embeddable":true,"href":"https:\/\/www.celineglad.com\/index.php\/wp-json\/wp\/v2\/media\/977"}],"wp:attachment":[{"href":"https:\/\/www.celineglad.com\/index.php\/wp-json\/wp\/v2\/media?parent=965"}],"wp:term":[{"taxonomy":"category","embeddable":true,"href":"https:\/\/www.celineglad.com\/index.php\/wp-json\/wp\/v2\/categories?post=965"},{"taxonomy":"post_tag","embeddable":true,"href":"https:\/\/www.celineglad.com\/index.php\/wp-json\/wp\/v2\/tags?post=965"}],"curies":[{"name":"wp","href":"https:\/\/api.w.org\/{rel}","templated":true}]}}